{"id":813,"date":"2019-09-13T19:03:35","date_gmt":"2019-09-13T17:03:35","guid":{"rendered":"https:\/\/calatorao.net\/?p=813"},"modified":"2019-09-13T19:05:42","modified_gmt":"2019-09-13T17:05:42","slug":"busto-san-indalecio","status":"publish","type":"post","link":"https:\/\/calatorao.net\/?p=813","title":{"rendered":"Busto San Indalecio"},"content":{"rendered":"\t\t<div data-elementor-type=\"wp-post\" data-elementor-id=\"813\" class=\"elementor elementor-813\">\n\t\t\t\t\t\t<div class=\"elementor-inner\">\n\t\t\t\t<div class=\"elementor-section-wrap\">\n\t\t\t\t\t\t\t\t\t<section class=\"elementor-section elementor-top-section elementor-element elementor-element-7e56475e elementor-section-boxed elementor-section-height-default elementor-section-height-default\" data-id=\"7e56475e\" data-element_type=\"section\">\n\t\t\t\t\t\t<div class=\"elementor-container elementor-column-gap-default\">\n\t\t\t\t\t\t\t<div class=\"elementor-row\">\n\t\t\t\t\t<div class=\"elementor-column elementor-col-100 elementor-top-column elementor-element elementor-element-3910edfb\" data-id=\"3910edfb\" data-element_type=\"column\">\n\t\t\t<div class=\"elementor-column-wrap elementor-element-populated\">\n\t\t\t\t\t\t\t<div class=\"elementor-widget-wrap\">\n\t\t\t\t\t\t<div class=\"elementor-element elementor-element-4838c065 elementor-widget elementor-widget-text-editor\" data-id=\"4838c065\" data-element_type=\"widget\" data-widget_type=\"text-editor.default\">\n\t\t\t\t<div class=\"elementor-widget-container\">\n\t\t\t\t\t\t\t\t<div class=\"elementor-text-editor elementor-clearfix\">\n\t\t\t\t<p><!-- wp:paragraph --><\/p>\n<p>El s\u00e1bado d\u00eda 7 de septiembre de 2019 tuvo lugar en la iglesia de Calatorao la presentaci\u00f3n del busto de San Indalecio, una talla del escultor del Renacimiento Dami\u00e1n Forment que ha sido puesta en valor por la Catedr\u00e1tica de la Universidad de Zaragoza, la Dra. Carmen Morte. La asociaci\u00f3n Barbacana tuvimos el honor de recibir a Carmen Morte en la mezquita mud\u00e9jar y adem\u00e1s nos gratific\u00f3 firmando en el Libro de Oro de la asociaci\u00f3n.<\/p>\n<p><!-- \/wp:paragraph --><\/p>\t\t\t\t\t<\/div>\n\t\t\t\t\t\t<\/div>\n\t\t\t\t<\/div>\n\t\t\t\t\t\t<\/div>\n\t\t\t\t\t<\/div>\n\t\t<\/div>\n\t\t\t\t\t\t\t\t<\/div>\n\t\t\t\t\t<\/div>\n\t\t<\/section>\n\t\t\t\t<section class=\"elementor-section elementor-top-section elementor-element elementor-element-bd6b58e elementor-section-boxed elementor-section-height-default elementor-section-height-default\" data-id=\"bd6b58e\" data-element_type=\"section\">\n\t\t\t\t\t\t<div class=\"elementor-container elementor-column-gap-default\">\n\t\t\t\t\t\t\t<div class=\"elementor-row\">\n\t\t\t\t\t<div class=\"elementor-column elementor-col-100 elementor-top-column elementor-element elementor-element-36c7983\" data-id=\"36c7983\" data-element_type=\"column\">\n\t\t\t<div class=\"elementor-column-wrap elementor-element-populated\">\n\t\t\t\t\t\t\t<div class=\"elementor-widget-wrap\">\n\t\t\t\t\t\t<div class=\"elementor-element elementor-element-955e623 elementor-widget elementor-widget-image-gallery\" data-id=\"955e623\" data-element_type=\"widget\" data-widget_type=\"image-gallery.default\">\n\t\t\t\t<div class=\"elementor-widget-container\">\n\t\t\t\t\t<div class=\"elementor-image-gallery\">\n\t\t\t<div id='gallery-1' class='gallery galleryid-813 gallery-columns-4 gallery-size-thumbnail'><figure class='gallery-item'>\n\t\t\t<div class='gallery-icon portrait'>\n\t\t\t\t<a data-elementor-open-lightbox=\"yes\" data-elementor-lightbox-slideshow=\"955e623\" data-elementor-lightbox-title=\"San indalecio (1)\" e-action-hash=\"#elementor-action%3Aaction%3Dlightbox%26settings%3DeyJpZCI6ODE1LCJ1cmwiOiJodHRwczpcL1wvY2FsYXRvcmFvLm5ldFwvd3AtY29udGVudFwvdXBsb2Fkc1wvMjAxOVwvMDlcL1Nhbi1pbmRhbGVjaW8tMS5qcGciLCJzbGlkZXNob3ciOiI5NTVlNjIzIn0%3D\" href='https:\/\/calatorao.net\/wp-content\/uploads\/2019\/09\/San-indalecio-1.jpg'><img width=\"72\" height=\"96\" src=\"https:\/\/calatorao.net\/wp-content\/uploads\/2019\/09\/San-indalecio-1.jpg\" class=\"attachment-thumbnail size-thumbnail\" alt=\"\" loading=\"lazy\" \/><\/a>\n\t\t\t<\/div><\/figure><figure class='gallery-item'>\n\t\t\t<div class='gallery-icon portrait'>\n\t\t\t\t<a data-elementor-open-lightbox=\"yes\" data-elementor-lightbox-slideshow=\"955e623\" data-elementor-lightbox-title=\"San indalecio (2)\" e-action-hash=\"#elementor-action%3Aaction%3Dlightbox%26settings%3DeyJpZCI6ODE2LCJ1cmwiOiJodHRwczpcL1wvY2FsYXRvcmFvLm5ldFwvd3AtY29udGVudFwvdXBsb2Fkc1wvMjAxOVwvMDlcL1Nhbi1pbmRhbGVjaW8tMi5qcGciLCJzbGlkZXNob3ciOiI5NTVlNjIzIn0%3D\" href='https:\/\/calatorao.net\/wp-content\/uploads\/2019\/09\/San-indalecio-2.jpg'><img width=\"72\" height=\"96\" src=\"https:\/\/calatorao.net\/wp-content\/uploads\/2019\/09\/San-indalecio-2.jpg\" class=\"attachment-thumbnail size-thumbnail\" alt=\"\" loading=\"lazy\" \/><\/a>\n\t\t\t<\/div><\/figure><figure class='gallery-item'>\n\t\t\t<div class='gallery-icon portrait'>\n\t\t\t\t<a data-elementor-open-lightbox=\"yes\" data-elementor-lightbox-slideshow=\"955e623\" data-elementor-lightbox-title=\"San indalecio (3)\" e-action-hash=\"#elementor-action%3Aaction%3Dlightbox%26settings%3DeyJpZCI6ODE3LCJ1cmwiOiJodHRwczpcL1wvY2FsYXRvcmFvLm5ldFwvd3AtY29udGVudFwvdXBsb2Fkc1wvMjAxOVwvMDlcL1Nhbi1pbmRhbGVjaW8tMy5qcGciLCJzbGlkZXNob3ciOiI5NTVlNjIzIn0%3D\" href='https:\/\/calatorao.net\/wp-content\/uploads\/2019\/09\/San-indalecio-3.jpg'><img width=\"72\" height=\"96\" src=\"https:\/\/calatorao.net\/wp-content\/uploads\/2019\/09\/San-indalecio-3.jpg\" class=\"attachment-thumbnail size-thumbnail\" alt=\"\" loading=\"lazy\" \/><\/a>\n\t\t\t<\/div><\/figure><figure class='gallery-item'>\n\t\t\t<div class='gallery-icon landscape'>\n\t\t\t\t<a data-elementor-open-lightbox=\"yes\" data-elementor-lightbox-slideshow=\"955e623\" data-elementor-lightbox-title=\"San indalecio (4)\" e-action-hash=\"#elementor-action%3Aaction%3Dlightbox%26settings%3DeyJpZCI6ODE4LCJ1cmwiOiJodHRwczpcL1wvY2FsYXRvcmFvLm5ldFwvd3AtY29udGVudFwvdXBsb2Fkc1wvMjAxOVwvMDlcL1Nhbi1pbmRhbGVjaW8tNC5qcGciLCJzbGlkZXNob3ciOiI5NTVlNjIzIn0%3D\" href='https:\/\/calatorao.net\/wp-content\/uploads\/2019\/09\/San-indalecio-4.jpg'><img width=\"128\" height=\"96\" src=\"https:\/\/calatorao.net\/wp-content\/uploads\/2019\/09\/San-indalecio-4.jpg\" class=\"attachment-thumbnail size-thumbnail\" alt=\"\" loading=\"lazy\" srcset=\"https:\/\/calatorao.net\/wp-content\/uploads\/2019\/09\/San-indalecio-4.jpg 960w, https:\/\/calatorao.net\/wp-content\/uploads\/2019\/09\/San-indalecio-4-768x576.jpg 768w\" sizes=\"(max-width: 128px) 100vw, 128px\" \/><\/a>\n\t\t\t<\/div><\/figure>\n\t\t<\/div>\n\t\t<\/div>\n\t\t\t\t<\/div>\n\t\t\t\t<\/div>\n\t\t\t\t\t\t<\/div>\n\t\t\t\t\t<\/div>\n\t\t<\/div>\n\t\t\t\t\t\t\t\t<\/div>\n\t\t\t\t\t<\/div>\n\t\t<\/section>\n\t\t\t\t\t\t\t\t\t<\/div>\n\t\t\t<\/div>\n\t\t\t\t\t<\/div>\n\t\t","protected":false},"excerpt":{"rendered":"<p>El s\u00e1bado d\u00eda 7 de septiembre de 2019 tuvo lugar en la iglesia de Calatorao la presentaci\u00f3n del busto de San Indalecio, una talla del escultor del Renacimiento Dami\u00e1n Forment que ha sido puesta en valor por la Catedr\u00e1tica de la Universidad de Zaragoza, la Dra. Carmen Morte. La asociaci\u00f3n Barbacana tuvimos el honor de &#8230; <a title=\"Busto San Indalecio\" class=\"read-more\" href=\"https:\/\/calatorao.net\/?p=813\" aria-label=\"M\u00e1s en Busto San Indalecio\">Leer m\u00e1s<\/a><\/p>\n","protected":false},"author":1,"featured_media":816,"comment_status":"open","ping_status":"open","sticky":false,"template":"","format":"standard","meta":[],"categories":[8],"tags":[10,11,9],"_links":{"self":[{"href":"https:\/\/calatorao.net\/index.php?rest_route=\/wp\/v2\/posts\/813"}],"collection":[{"href":"https:\/\/calatorao.net\/index.php?rest_route=\/wp\/v2\/posts"}],"about":[{"href":"https:\/\/calatorao.net\/index.php?rest_route=\/wp\/v2\/types\/post"}],"author":[{"embeddable":true,"href":"https:\/\/calatorao.net\/index.php?rest_route=\/wp\/v2\/users\/1"}],"replies":[{"embeddable":true,"href":"https:\/\/calatorao.net\/index.php?rest_route=%2Fwp%2Fv2%2Fcomments&post=813"}],"version-history":[{"count":3,"href":"https:\/\/calatorao.net\/index.php?rest_route=\/wp\/v2\/posts\/813\/revisions"}],"predecessor-version":[{"id":820,"href":"https:\/\/calatorao.net\/index.php?rest_route=\/wp\/v2\/posts\/813\/revisions\/820"}],"wp:featuredmedia":[{"embeddable":true,"href":"https:\/\/calatorao.net\/index.php?rest_route=\/wp\/v2\/media\/816"}],"wp:attachment":[{"href":"https:\/\/calatorao.net\/index.php?rest_route=%2Fwp%2Fv2%2Fmedia&parent=813"}],"wp:term":[{"taxonomy":"category","embeddable":true,"href":"https:\/\/calatorao.net\/index.php?rest_route=%2Fwp%2Fv2%2Fcategories&post=813"},{"taxonomy":"post_tag","embeddable":true,"href":"https:\/\/calatorao.net\/index.php?rest_route=%2Fwp%2Fv2%2Ftags&post=813"}],"curies":[{"name":"wp","href":"https:\/\/api.w.org\/{rel}","templated":true}]}}